{"id":1446,"date":"2025-06-09T10:33:08","date_gmt":"2025-06-09T10:33:08","guid":{"rendered":"https:\/\/adcapspi.org.br\/site\/?p=1446"},"modified":"2025-06-11T10:34:25","modified_gmt":"2025-06-11T10:34:25","slug":"teletrabalho-assinatura-de-aditivo-contratual","status":"publish","type":"post","link":"https:\/\/adcapspi.org.br\/site\/teletrabalho-assinatura-de-aditivo-contratual\/","title":{"rendered":"Teletrabalho \u2013 assinatura de aditivo contratual"},"content":{"rendered":"<p>A respeito da determina\u00e7\u00e3o de retorno ao trabalho presencial e \u00e0 exig\u00eancia de assinatura de aditivo contratual para encerramento do trabalho presencial, a ADCAP vem se manifestar da seguinte forma:<\/p>\n<p>&nbsp;<\/p>\n<p>Na esteira de outras manifesta\u00e7\u00f5es, no sentido de discordar do encerramento generalizado do regime de teletrabalho, a ADCAP reitera sua discord\u00e2ncia em rela\u00e7\u00e3o ao encerramento generalizado do regime do teletrabalho. Este posicionamento se d\u00e1 principalmente diante da aus\u00eancia de justificativas socioecon\u00f4micas e laborais para tanto; por considerar que a medida tem o potencial de ser caracterizada como ass\u00e9dio geral aos trabalhadores e \u00e0s trabalhadoras, em raz\u00e3o dos preju\u00edzos psicossociais a estes causados, vez que estabeleceram e estabilizaram suas vidas em tal regime por cinco anos ou mais; em raz\u00e3o de desconsiderar as peculiaridades de trabalhadores e trabalhadoras e de suas fam\u00edlias, que podem inviabilizar o labor presencial ap\u00f3s mais de meia d\u00e9cada; em raz\u00e3o dos preju\u00edzos econ\u00f4micos e log\u00edsticos que ser\u00e3o causados \u00e0 empresa; em raz\u00e3o da total aus\u00eancia de planejamento e preparo para retomada generalizada, com not\u00f3ria falta de estrutura, espa\u00e7o e equipamentos; em raz\u00e3o de ser conduta potencialmente lesiva ao direito coletivo dos trabalhadores, por ter sido tomada sem qualquer di\u00e1logo; dentre outras raz\u00f5es.<\/p>\n<p>&nbsp;<\/p>\n<p>Com estas considera\u00e7\u00f5es e registrando que a CLT n\u00e3o determina que haja a assinatura do trabalhador para o retorno ao teletrabalho e que a assinatura pode vir a ser entendida como concord\u00e2ncia com o retorno, a ADCAP se posiciona de forma contr\u00e1ria \u00e0 determina\u00e7\u00e3o e \u00e0 exig\u00eancia de assinatura, orientando associados e associadas que n\u00e3o queiram retornar ao trabalho presencial, que n\u00e3o procedam \u00e0 assinatura de aditivo contratual.<\/p>\n<p>&nbsp;<\/p>\n<p>A ADCAP registra, ainda, que vem tomando as medidas judiciais e administrativas cab\u00edveis a fim de preservar o direito dos seus associados e associadas e de prevenir a dilapida\u00e7\u00e3o do patrim\u00f4nio e a queda da produtividade da empresa.<\/p>\n<p>&nbsp;<\/p>\n<p class=\"has-text-align-right\"><strong>Dire\u00e7\u00e3o Nacional da ADCAP<\/strong><\/p>\n","protected":false},"excerpt":{"rendered":"<p>A respeito da determina\u00e7\u00e3o de retorno ao trabalho presencial e \u00e0 exig\u00eancia de assinatura de aditivo contratual para encerramento do trabalho presencial, a ADCAP vem se manifestar da seguinte forma: &nbsp; Na esteira de outras manifesta\u00e7\u00f5es, no sentido de discordar do encerramento generalizado do regime de teletrabalho, a ADCAP reitera sua discord\u00e2ncia em rela\u00e7\u00e3o ao encerramento generalizado do regime do teletrabalho. Este posicionamento se d\u00e1 principalmente diante da aus\u00eancia de justificativas socioecon\u00f4micas e laborais para tanto; por considerar que a medida tem o potencial de ser caracterizada como ass\u00e9dio geral aos trabalhadores e \u00e0s trabalhadoras, em raz\u00e3o dos preju\u00edzos psicossociais a estes causados, vez que estabeleceram e estabilizaram suas vidas em tal regime por cinco anos ou mais; em raz\u00e3o de desconsiderar as peculiaridades de trabalhadores e trabalhadoras e de suas fam\u00edlias, que podem inviabilizar o labor presencial ap\u00f3s mais de meia d\u00e9cada; em raz\u00e3o dos preju\u00edzos econ\u00f4micos e log\u00edsticos que ser\u00e3o causados \u00e0 empresa; em raz\u00e3o da total aus\u00eancia de planejamento e preparo para retomada generalizada, com not\u00f3ria falta de estrutura, espa\u00e7o e equipamentos; em raz\u00e3o de ser conduta potencialmente lesiva ao direito coletivo dos trabalhadores, por ter sido tomada sem qualquer di\u00e1logo; dentre outras raz\u00f5es. &nbsp; Com estas considera\u00e7\u00f5es e registrando que a CLT n\u00e3o determina que haja a assinatura do trabalhador para o retorno ao teletrabalho e que a assinatura pode vir a ser entendida como concord\u00e2ncia com o retorno, a ADCAP se posiciona de forma contr\u00e1ria \u00e0 determina\u00e7\u00e3o e \u00e0 exig\u00eancia de assinatura, orientando associados e associadas que n\u00e3o queiram retornar ao trabalho presencial, que n\u00e3o procedam \u00e0 assinatura de aditivo contratual. &nbsp; A ADCAP registra, ainda, que vem tomando as medidas judiciais e administrativas cab\u00edveis a fim de preservar o direito dos seus associados e associadas e de prevenir a dilapida\u00e7\u00e3o do patrim\u00f4nio e a queda da produtividade da empresa. &nbsp; Dire\u00e7\u00e3o Nacional da ADCAP<\/p>\n","protected":false},"author":2,"featured_media":0,"comment_status":"open","ping_status":"open","sticky":false,"template":"","format":"standard","meta":{"ocean_post_layout":"","ocean_both_sidebars_style":"","ocean_both_sidebars_content_width":0,"ocean_both_sidebars_sidebars_width":0,"ocean_sidebar":"0","ocean_second_sidebar":"0","ocean_disable_margins":"enable","ocean_add_body_class":"","ocean_shortcode_before_top_bar":"","ocean_shortcode_after_top_bar":"","ocean_shortcode_before_header":"","ocean_shortcode_after_header":"","ocean_has_shortcode":"","ocean_shortcode_after_title":"","ocean_shortcode_before_footer_widgets":"","ocean_shortcode_after_footer_widgets":"","ocean_shortcode_before_footer_bottom":"","ocean_shortcode_after_footer_bottom":"","ocean_display_top_bar":"default","ocean_display_header":"default","ocean_header_style":"","ocean_center_header_left_menu":"0","ocean_custom_header_template":"0","ocean_custom_logo":0,"ocean_custom_retina_logo":0,"ocean_custom_logo_max_width":0,"ocean_custom_logo_tablet_max_width":0,"ocean_custom_logo_mobile_max_width":0,"ocean_custom_logo_max_height":0,"ocean_custom_logo_tablet_max_height":0,"ocean_custom_logo_mobile_max_height":0,"ocean_header_custom_menu":"0","ocean_menu_typo_font_family":"0","ocean_menu_typo_font_subset":"","ocean_menu_typo_font_size":0,"ocean_menu_typo_font_size_tablet":0,"ocean_menu_typo_font_size_mobile":0,"ocean_menu_typo_font_size_unit":"px","ocean_menu_typo_font_weight":"","ocean_menu_typo_font_weight_tablet":"","ocean_menu_typo_font_weight_mobile":"","ocean_menu_typo_transform":"","ocean_menu_typo_transform_tablet":"","ocean_menu_typo_transform_mobile":"","ocean_menu_typo_line_height":0,"ocean_menu_typo_line_height_tablet":0,"ocean_menu_typo_line_height_mobile":0,"ocean_menu_typo_line_height_unit":"","ocean_menu_typo_spacing":0,"ocean_menu_typo_spacing_tablet":0,"ocean_menu_typo_spacing_mobile":0,"ocean_menu_typo_spacing_unit":"","ocean_menu_link_color":"","ocean_menu_link_color_hover":"","ocean_menu_link_color_active":"","ocean_menu_link_background":"","ocean_menu_link_hover_background":"","ocean_menu_link_active_background":"","ocean_menu_social_links_bg":"","ocean_menu_social_hover_links_bg":"","ocean_menu_social_links_color":"","ocean_menu_social_hover_links_color":"","ocean_disable_title":"default","ocean_disable_heading":"default","ocean_post_title":"","ocean_post_subheading":"","ocean_post_title_style":"","ocean_post_title_background_color":"","ocean_post_title_background":0,"ocean_post_title_bg_image_position":"","ocean_post_title_bg_image_attachment":"","ocean_post_title_bg_image_repeat":"","ocean_post_title_bg_image_size":"","ocean_post_title_height":0,"ocean_post_title_bg_overlay":0.5,"ocean_post_title_bg_overlay_color":"","ocean_disable_breadcrumbs":"default","ocean_breadcrumbs_color":"","ocean_breadcrumbs_separator_color":"","ocean_breadcrumbs_links_color":"","ocean_breadcrumbs_links_hover_color":"","ocean_display_footer_widgets":"default","ocean_display_footer_bottom":"default","ocean_custom_footer_template":"0","ocean_post_oembed":"","ocean_post_self_hosted_media":"","ocean_post_video_embed":"","ocean_link_format":"","ocean_link_format_target":"self","ocean_quote_format":"","ocean_quote_format_link":"post","ocean_gallery_link_images":"on","ocean_gallery_id":[],"footnotes":""},"categories":[19,22,13],"tags":[],"class_list":["post-1446","post","type-post","status-publish","format-standard","hentry","category-correios","category-direitos-trabalhistas","category-noticias","entry"],"_links":{"self":[{"href":"https:\/\/adcapspi.org.br\/site\/wp-json\/wp\/v2\/posts\/1446","targetHints":{"allow":["GET"]}}],"collection":[{"href":"https:\/\/adcapspi.org.br\/site\/wp-json\/wp\/v2\/posts"}],"about":[{"href":"https:\/\/adcapspi.org.br\/site\/wp-json\/wp\/v2\/types\/post"}],"author":[{"embeddable":true,"href":"https:\/\/adcapspi.org.br\/site\/wp-json\/wp\/v2\/users\/2"}],"replies":[{"embeddable":true,"href":"https:\/\/adcapspi.org.br\/site\/wp-json\/wp\/v2\/comments?post=1446"}],"version-history":[{"count":1,"href":"https:\/\/adcapspi.org.br\/site\/wp-json\/wp\/v2\/posts\/1446\/revisions"}],"predecessor-version":[{"id":1447,"href":"https:\/\/adcapspi.org.br\/site\/wp-json\/wp\/v2\/posts\/1446\/revisions\/1447"}],"wp:attachment":[{"href":"https:\/\/adcapspi.org.br\/site\/wp-json\/wp\/v2\/media?parent=1446"}],"wp:term":[{"taxonomy":"category","embeddable":true,"href":"https:\/\/adcapspi.org.br\/site\/wp-json\/wp\/v2\/categories?post=1446"},{"taxonomy":"post_tag","embeddable":true,"href":"https:\/\/adcapspi.org.br\/site\/wp-json\/wp\/v2\/tags?post=1446"}],"curies":[{"name":"wp","href":"https:\/\/api.w.org\/{rel}","templated":true}]}}