{"id":1448,"date":"2025-06-11T10:36:20","date_gmt":"2025-06-11T10:36:20","guid":{"rendered":"https:\/\/adcapspi.org.br\/site\/?p=1448"},"modified":"2025-06-11T10:36:43","modified_gmt":"2025-06-11T10:36:43","slug":"adcap-participa-de-audiencia-na-camara-que-discute-situacao-dos-correios","status":"publish","type":"post","link":"https:\/\/adcapspi.org.br\/site\/adcap-participa-de-audiencia-na-camara-que-discute-situacao-dos-correios\/","title":{"rendered":"ADCAP participa de audi\u00eancia na C\u00e2mara que discute situa\u00e7\u00e3o dos Correios"},"content":{"rendered":"<p>A ADCAP participou de audi\u00eancia p\u00fablica na Comiss\u00e3o do Trabalho da C\u00e2mara dos Deputados, que discutiu a grave crise dos Correios e seus efeitos para os trabalhadores.<\/p>\n<p>&nbsp;<\/p>\n<p>Participaram da audi\u00eancia, integrando a mesa dos trabalhos o Dep. Federal \u2013 Luiz Carlos Motta, que presidiu a audi\u00eancia, Roberval Borges Correa \u2013 Presidente da ADCAP, Jos\u00e9 Aparecido G\u00e2ndara \u2013 Presidente da Findect e Muriel Carvalho Garcia Leal \u2013 Presidente da APECT. Infelizmente, os Representantes dos Correios, do Postalis e Postal Sa\u00fade, apesar de convidados, n\u00e3o participaram.<\/p>\n<p>&nbsp;<\/p>\n<p>O Presidente da ADCAP fez breve apresenta\u00e7\u00e3o enfatizando a gravidade da crise financeira dos Correios, seus efeitos nefastos para a sociedade, para a economia e para os trabalhadores.<\/p>\n<p>&nbsp;<\/p>\n<p>Relembrou a import\u00e2ncia dos Correios como entidade p\u00fablica, em raz\u00e3o do mandato constitucional e da coes\u00e3o sociodemogr\u00e1fica, alertou que os Correios est\u00e3o inseridos num setor econ\u00f4mico em forte expans\u00e3o, que o desafio para a gest\u00e3o \u00e9 conduzir a transforma\u00e7\u00e3o dos neg\u00f3cios tradicionais para a nova economia, que a crise atual se reveste da aus\u00eancia de liquidez e sustentabilidade econ\u00f4mica.<\/p>\n<p>&nbsp;<\/p>\n<p>Sinalizou para as principais causas: a) financiamento da universaliza\u00e7\u00e3o; b) desprofissionaliza\u00e7\u00e3o da gest\u00e3o, com massifica\u00e7\u00e3o de indica\u00e7\u00f5es pol\u00edtico-partid\u00e1ria; c) defici\u00eancia do sistema de governan\u00e7a corporativa.<\/p>\n<p>&nbsp;<\/p>\n<p>Para a solu\u00e7\u00e3o emergencial cobrou do Governo Federal r\u00e1pida capitaliza\u00e7\u00e3o para estancar os d\u00e9ficits correntes \u2013 mediante contrato de gest\u00e3o, a profissionaliza\u00e7\u00e3o da gest\u00e3o, o uso do imobilizado para financiar e garantir os investimentos para transformar o modelo de neg\u00f3cios e opera\u00e7\u00f5es.<\/p>\n<p>&nbsp;<\/p>\n<p>Como mudan\u00e7a estruturante defendeu o uso intensivo das oportunidades existentes na Lei 12.490\/2011, na reestrutura\u00e7\u00e3o financeira, otimiza\u00e7\u00e3o de custos e efici\u00eancia operacional.<\/p>\n<p>&nbsp;<\/p>\n<p>Concluiu lembrando que n\u00e3o h\u00e1 solu\u00e7\u00e3o simples ou m\u00e1gica, que qualquer solu\u00e7\u00e3o necessita ser constru\u00edda a partir do di\u00e1logo com os trabalhadores e profissionais dos Correios, com a sociedade e com o Governo Federal.<\/p>\n<p>&nbsp;<\/p>\n<p><strong>Dire\u00e7\u00e3o Nacional da ADCAP<\/strong><\/p>\n","protected":false},"excerpt":{"rendered":"<p>A ADCAP participou de audi\u00eancia p\u00fablica na Comiss\u00e3o do Trabalho da C\u00e2mara dos Deputados, que discutiu a grave crise dos Correios e seus efeitos para os trabalhadores. &nbsp; Participaram da audi\u00eancia, integrando a mesa dos trabalhos o Dep. Federal \u2013 Luiz Carlos Motta, que presidiu a audi\u00eancia, Roberval Borges Correa \u2013 Presidente da ADCAP, Jos\u00e9 Aparecido G\u00e2ndara \u2013 Presidente da Findect e Muriel Carvalho Garcia Leal \u2013 Presidente da APECT. Infelizmente, os Representantes dos Correios, do Postalis e Postal Sa\u00fade, apesar de convidados, n\u00e3o participaram. &nbsp; O Presidente da ADCAP fez breve apresenta\u00e7\u00e3o enfatizando a gravidade da crise financeira dos Correios, seus efeitos nefastos para a sociedade, para a economia e para os trabalhadores. &nbsp; Relembrou a import\u00e2ncia dos Correios como entidade p\u00fablica, em raz\u00e3o do mandato constitucional e da coes\u00e3o sociodemogr\u00e1fica, alertou que os Correios est\u00e3o inseridos num setor econ\u00f4mico em forte expans\u00e3o, que o desafio para a gest\u00e3o \u00e9 conduzir a transforma\u00e7\u00e3o dos neg\u00f3cios tradicionais para a nova economia, que a crise atual se reveste da aus\u00eancia de liquidez e sustentabilidade econ\u00f4mica. &nbsp; Sinalizou para as principais causas: a) financiamento da universaliza\u00e7\u00e3o; b) desprofissionaliza\u00e7\u00e3o da gest\u00e3o, com massifica\u00e7\u00e3o de indica\u00e7\u00f5es pol\u00edtico-partid\u00e1ria; c) defici\u00eancia do sistema de governan\u00e7a corporativa. &nbsp; Para a solu\u00e7\u00e3o emergencial cobrou do Governo Federal r\u00e1pida capitaliza\u00e7\u00e3o para estancar os d\u00e9ficits correntes \u2013 mediante contrato de gest\u00e3o, a profissionaliza\u00e7\u00e3o da gest\u00e3o, o uso do imobilizado para financiar e garantir os investimentos para transformar o modelo de neg\u00f3cios e opera\u00e7\u00f5es. &nbsp; Como mudan\u00e7a estruturante defendeu o uso intensivo das oportunidades existentes na Lei 12.490\/2011, na reestrutura\u00e7\u00e3o financeira, otimiza\u00e7\u00e3o de custos e efici\u00eancia operacional. &nbsp; Concluiu lembrando que n\u00e3o h\u00e1 solu\u00e7\u00e3o simples ou m\u00e1gica, que qualquer solu\u00e7\u00e3o necessita ser constru\u00edda a partir do di\u00e1logo com os trabalhadores e profissionais dos Correios, com a sociedade e com o Governo Federal. &nbsp; Dire\u00e7\u00e3o Nacional da ADCAP<\/p>\n","protected":false},"author":2,"featured_media":0,"comment_status":"open","ping_status":"open","sticky":false,"template":"","format":"standard","meta":{"ocean_post_layout":"","ocean_both_sidebars_style":"","ocean_both_sidebars_content_width":0,"ocean_both_sidebars_sidebars_width":0,"ocean_sidebar":"0","ocean_second_sidebar":"0","ocean_disable_margins":"enable","ocean_add_body_class":"","ocean_shortcode_before_top_bar":"","ocean_shortcode_after_top_bar":"","ocean_shortcode_before_header":"","ocean_shortcode_after_header":"","ocean_has_shortcode":"","ocean_shortcode_after_title":"","ocean_shortcode_before_footer_widgets":"","ocean_shortcode_after_footer_widgets":"","ocean_shortcode_before_footer_bottom":"","ocean_shortcode_after_footer_bottom":"","ocean_display_top_bar":"default","ocean_display_header":"default","ocean_header_style":"","ocean_center_header_left_menu":"0","ocean_custom_header_template":"0","ocean_custom_logo":0,"ocean_custom_retina_logo":0,"ocean_custom_logo_max_width":0,"ocean_custom_logo_tablet_max_width":0,"ocean_custom_logo_mobile_max_width":0,"ocean_custom_logo_max_height":0,"ocean_custom_logo_tablet_max_height":0,"ocean_custom_logo_mobile_max_height":0,"ocean_header_custom_menu":"0","ocean_menu_typo_font_family":"0","ocean_menu_typo_font_subset":"","ocean_menu_typo_font_size":0,"ocean_menu_typo_font_size_tablet":0,"ocean_menu_typo_font_size_mobile":0,"ocean_menu_typo_font_size_unit":"px","ocean_menu_typo_font_weight":"","ocean_menu_typo_font_weight_tablet":"","ocean_menu_typo_font_weight_mobile":"","ocean_menu_typo_transform":"","ocean_menu_typo_transform_tablet":"","ocean_menu_typo_transform_mobile":"","ocean_menu_typo_line_height":0,"ocean_menu_typo_line_height_tablet":0,"ocean_menu_typo_line_height_mobile":0,"ocean_menu_typo_line_height_unit":"","ocean_menu_typo_spacing":0,"ocean_menu_typo_spacing_tablet":0,"ocean_menu_typo_spacing_mobile":0,"ocean_menu_typo_spacing_unit":"","ocean_menu_link_color":"","ocean_menu_link_color_hover":"","ocean_menu_link_color_active":"","ocean_menu_link_background":"","ocean_menu_link_hover_background":"","ocean_menu_link_active_background":"","ocean_menu_social_links_bg":"","ocean_menu_social_hover_links_bg":"","ocean_menu_social_links_color":"","ocean_menu_social_hover_links_color":"","ocean_disable_title":"default","ocean_disable_heading":"default","ocean_post_title":"","ocean_post_subheading":"","ocean_post_title_style":"","ocean_post_title_background_color":"","ocean_post_title_background":0,"ocean_post_title_bg_image_position":"","ocean_post_title_bg_image_attachment":"","ocean_post_title_bg_image_repeat":"","ocean_post_title_bg_image_size":"","ocean_post_title_height":0,"ocean_post_title_bg_overlay":0.5,"ocean_post_title_bg_overlay_color":"","ocean_disable_breadcrumbs":"default","ocean_breadcrumbs_color":"","ocean_breadcrumbs_separator_color":"","ocean_breadcrumbs_links_color":"","ocean_breadcrumbs_links_hover_color":"","ocean_display_footer_widgets":"default","ocean_display_footer_bottom":"default","ocean_custom_footer_template":"0","ocean_post_oembed":"","ocean_post_self_hosted_media":"","ocean_post_video_embed":"","ocean_link_format":"","ocean_link_format_target":"self","ocean_quote_format":"","ocean_quote_format_link":"post","ocean_gallery_link_images":"on","ocean_gallery_id":[],"footnotes":""},"categories":[19,13],"tags":[],"class_list":["post-1448","post","type-post","status-publish","format-standard","hentry","category-correios","category-noticias","entry"],"_links":{"self":[{"href":"https:\/\/adcapspi.org.br\/site\/wp-json\/wp\/v2\/posts\/1448","targetHints":{"allow":["GET"]}}],"collection":[{"href":"https:\/\/adcapspi.org.br\/site\/wp-json\/wp\/v2\/posts"}],"about":[{"href":"https:\/\/adcapspi.org.br\/site\/wp-json\/wp\/v2\/types\/post"}],"author":[{"embeddable":true,"href":"https:\/\/adcapspi.org.br\/site\/wp-json\/wp\/v2\/users\/2"}],"replies":[{"embeddable":true,"href":"https:\/\/adcapspi.org.br\/site\/wp-json\/wp\/v2\/comments?post=1448"}],"version-history":[{"count":2,"href":"https:\/\/adcapspi.org.br\/site\/wp-json\/wp\/v2\/posts\/1448\/revisions"}],"predecessor-version":[{"id":1450,"href":"https:\/\/adcapspi.org.br\/site\/wp-json\/wp\/v2\/posts\/1448\/revisions\/1450"}],"wp:attachment":[{"href":"https:\/\/adcapspi.org.br\/site\/wp-json\/wp\/v2\/media?parent=1448"}],"wp:term":[{"taxonomy":"category","embeddable":true,"href":"https:\/\/adcapspi.org.br\/site\/wp-json\/wp\/v2\/categories?post=1448"},{"taxonomy":"post_tag","embeddable":true,"href":"https:\/\/adcapspi.org.br\/site\/wp-json\/wp\/v2\/tags?post=1448"}],"curies":[{"name":"wp","href":"https:\/\/api.w.org\/{rel}","templated":true}]}}