{"id":1465,"date":"2025-07-03T10:57:24","date_gmt":"2025-07-03T10:57:24","guid":{"rendered":"https:\/\/adcapspi.org.br\/site\/?p=1465"},"modified":"2025-07-03T10:57:24","modified_gmt":"2025-07-03T10:57:24","slug":"posse-da-diretoria-executiva-e-do-conselho-fiscal-da-adcap-nacional-trienio-2025-2028","status":"publish","type":"post","link":"https:\/\/adcapspi.org.br\/site\/posse-da-diretoria-executiva-e-do-conselho-fiscal-da-adcap-nacional-trienio-2025-2028\/","title":{"rendered":"Posse da Diretoria Executiva e do Conselho Fiscal da ADCAP Nacional \u2013 Tri\u00eanio 2025\/2028"},"content":{"rendered":"<figure class=\"wp-block-image size-large\"><img fetchpriority=\"high\" decoding=\"async\" class=\"wp-image-20318\" src=\"https:\/\/adcap.org.br\/wp-content\/uploads\/WhatsApp-Image-2025-06-30-at-16.17.29-767x1024.jpeg\" sizes=\"(max-width: 767px) 100vw, 767px\" srcset=\"https:\/\/adcap.org.br\/wp-content\/uploads\/WhatsApp-Image-2025-06-30-at-16.17.29-767x1024.jpeg 767w, https:\/\/adcap.org.br\/wp-content\/uploads\/WhatsApp-Image-2025-06-30-at-16.17.29-225x300.jpeg 225w, https:\/\/adcap.org.br\/wp-content\/uploads\/WhatsApp-Image-2025-06-30-at-16.17.29-768x1026.jpeg 768w, https:\/\/adcap.org.br\/wp-content\/uploads\/WhatsApp-Image-2025-06-30-at-16.17.29-585x781.jpeg 585w, https:\/\/adcap.org.br\/wp-content\/uploads\/WhatsApp-Image-2025-06-30-at-16.17.29.jpeg 960w\" alt=\"\" width=\"767\" height=\"1024\" \/><\/figure>\n<p>&nbsp;<\/p>\n<p>No dia 16\/05\/25, realizou-se, na sede da ADCAP Nacional, em Bras\u00edlia, a posse da Diretoria Executiva, bem como seu Conselho Fiscal, para a gest\u00e3o do Tri\u00eanio 2025\/2028. Em evento interno, sem convidados especiais, considerando o momento cr\u00edtico vivido pelos Correios e em respeito aos trabalhadores e aposentados associados da ADCAP, teve a participa\u00e7\u00e3o dos integrantes da Diretoria Executiva da ADCAP Nacional, seu Conselho Fiscal, integrantes da junta Eleitoral, representada por Paulo Edison Tocchetto e Ant\u00f4nio Carlos Fran\u00e7a Kruel, dos ex-presidentes da ADCAP, Maria In\u00eas Capelli e Adriano Aquino de Gusm\u00e3o, dos parceiros: Sr. Germano Celin \u2013 Assessor da Presid\u00eancia da Postal Sa\u00fade, Dr. Diogo Britto representando o escrit\u00f3rio Cezar Britto, Daniele Vasconcelos \u2013 consultora da ADCAP, para o tema Postal Sa\u00fade, Yzys Moreira, representando a Conecta \u2013 Assessoria Parlamentar da ADCAP, Amilton Coelho \u2013 representando a ag\u00eancia de Marketing Biskidu, Charles Cleyton Alves de Brito representando a Youhuul \u2013 parceira do Clube de Benef\u00edcios da ADCAP e Athos Skeff representando a Skeff corretora, associados e familiares.<\/p>\n<p>&nbsp;<\/p>\n<p>Em um primeiro momento, os candidatos eleitos para Diretoria Nacional e seu Conselho Fiscal foram empossados e, na sequ\u00eancia, em seu discurso, o presidente Roberval Borges Correa agradeceu a presen\u00e7a de todos e parabenizou os eleitos para gest\u00e3o 2025\/2028.<\/p>\n<p>&nbsp;<\/p>\n<p class=\"has-text-align-right\"><strong>Dire\u00e7\u00e3o Nacional da ADCAP<\/strong><\/p>\n","protected":false},"excerpt":{"rendered":"<p>&nbsp; No dia 16\/05\/25, realizou-se, na sede da ADCAP Nacional, em Bras\u00edlia, a posse da Diretoria Executiva, bem como seu Conselho Fiscal, para a gest\u00e3o do Tri\u00eanio 2025\/2028. Em evento interno, sem convidados especiais, considerando o momento cr\u00edtico vivido pelos Correios e em respeito aos trabalhadores e aposentados associados da ADCAP, teve a participa\u00e7\u00e3o dos integrantes da Diretoria Executiva da ADCAP Nacional, seu Conselho Fiscal, integrantes da junta Eleitoral, representada por Paulo Edison Tocchetto e Ant\u00f4nio Carlos Fran\u00e7a Kruel, dos ex-presidentes da ADCAP, Maria In\u00eas Capelli e Adriano Aquino de Gusm\u00e3o, dos parceiros: Sr. Germano Celin \u2013 Assessor da Presid\u00eancia da Postal Sa\u00fade, Dr. Diogo Britto representando o escrit\u00f3rio Cezar Britto, Daniele Vasconcelos \u2013 consultora da ADCAP, para o tema Postal Sa\u00fade, Yzys Moreira, representando a Conecta \u2013 Assessoria Parlamentar da ADCAP, Amilton Coelho \u2013 representando a ag\u00eancia de Marketing Biskidu, Charles Cleyton Alves de Brito representando a Youhuul \u2013 parceira do Clube de Benef\u00edcios da ADCAP e Athos Skeff representando a Skeff corretora, associados e familiares. &nbsp; Em um primeiro momento, os candidatos eleitos para Diretoria Nacional e seu Conselho Fiscal foram empossados e, na sequ\u00eancia, em seu discurso, o presidente Roberval Borges Correa agradeceu a presen\u00e7a de todos e parabenizou os eleitos para gest\u00e3o 2025\/2028. &nbsp; Dire\u00e7\u00e3o Nacional da ADCAP<\/p>\n","protected":false},"author":2,"featured_media":0,"comment_status":"open","ping_status":"open","sticky":false,"template":"","format":"standard","meta":{"ocean_post_layout":"","ocean_both_sidebars_style":"","ocean_both_sidebars_content_width":0,"ocean_both_sidebars_sidebars_width":0,"ocean_sidebar":"0","ocean_second_sidebar":"0","ocean_disable_margins":"enable","ocean_add_body_class":"","ocean_shortcode_before_top_bar":"","ocean_shortcode_after_top_bar":"","ocean_shortcode_before_header":"","ocean_shortcode_after_header":"","ocean_has_shortcode":"","ocean_shortcode_after_title":"","ocean_shortcode_before_footer_widgets":"","ocean_shortcode_after_footer_widgets":"","ocean_shortcode_before_footer_bottom":"","ocean_shortcode_after_footer_bottom":"","ocean_display_top_bar":"default","ocean_display_header":"default","ocean_header_style":"","ocean_center_header_left_menu":"0","ocean_custom_header_template":"0","ocean_custom_logo":0,"ocean_custom_retina_logo":0,"ocean_custom_logo_max_width":0,"ocean_custom_logo_tablet_max_width":0,"ocean_custom_logo_mobile_max_width":0,"ocean_custom_logo_max_height":0,"ocean_custom_logo_tablet_max_height":0,"ocean_custom_logo_mobile_max_height":0,"ocean_header_custom_menu":"0","ocean_menu_typo_font_family":"0","ocean_menu_typo_font_subset":"","ocean_menu_typo_font_size":0,"ocean_menu_typo_font_size_tablet":0,"ocean_menu_typo_font_size_mobile":0,"ocean_menu_typo_font_size_unit":"px","ocean_menu_typo_font_weight":"","ocean_menu_typo_font_weight_tablet":"","ocean_menu_typo_font_weight_mobile":"","ocean_menu_typo_transform":"","ocean_menu_typo_transform_tablet":"","ocean_menu_typo_transform_mobile":"","ocean_menu_typo_line_height":0,"ocean_menu_typo_line_height_tablet":0,"ocean_menu_typo_line_height_mobile":0,"ocean_menu_typo_line_height_unit":"","ocean_menu_typo_spacing":0,"ocean_menu_typo_spacing_tablet":0,"ocean_menu_typo_spacing_mobile":0,"ocean_menu_typo_spacing_unit":"","ocean_menu_link_color":"","ocean_menu_link_color_hover":"","ocean_menu_link_color_active":"","ocean_menu_link_background":"","ocean_menu_link_hover_background":"","ocean_menu_link_active_background":"","ocean_menu_social_links_bg":"","ocean_menu_social_hover_links_bg":"","ocean_menu_social_links_color":"","ocean_menu_social_hover_links_color":"","ocean_disable_title":"default","ocean_disable_heading":"default","ocean_post_title":"","ocean_post_subheading":"","ocean_post_title_style":"","ocean_post_title_background_color":"","ocean_post_title_background":0,"ocean_post_title_bg_image_position":"","ocean_post_title_bg_image_attachment":"","ocean_post_title_bg_image_repeat":"","ocean_post_title_bg_image_size":"","ocean_post_title_height":0,"ocean_post_title_bg_overlay":0.5,"ocean_post_title_bg_overlay_color":"","ocean_disable_breadcrumbs":"default","ocean_breadcrumbs_color":"","ocean_breadcrumbs_separator_color":"","ocean_breadcrumbs_links_color":"","ocean_breadcrumbs_links_hover_color":"","ocean_display_footer_widgets":"default","ocean_display_footer_bottom":"default","ocean_custom_footer_template":"0","ocean_post_oembed":"","ocean_post_self_hosted_media":"","ocean_post_video_embed":"","ocean_link_format":"","ocean_link_format_target":"self","ocean_quote_format":"","ocean_quote_format_link":"post","ocean_gallery_link_images":"on","ocean_gallery_id":[],"footnotes":""},"categories":[18,12,13],"tags":[],"class_list":["post-1465","post","type-post","status-publish","format-standard","hentry","category-eleicoes-adcap","category-eventos","category-noticias","entry"],"_links":{"self":[{"href":"https:\/\/adcapspi.org.br\/site\/wp-json\/wp\/v2\/posts\/1465","targetHints":{"allow":["GET"]}}],"collection":[{"href":"https:\/\/adcapspi.org.br\/site\/wp-json\/wp\/v2\/posts"}],"about":[{"href":"https:\/\/adcapspi.org.br\/site\/wp-json\/wp\/v2\/types\/post"}],"author":[{"embeddable":true,"href":"https:\/\/adcapspi.org.br\/site\/wp-json\/wp\/v2\/users\/2"}],"replies":[{"embeddable":true,"href":"https:\/\/adcapspi.org.br\/site\/wp-json\/wp\/v2\/comments?post=1465"}],"version-history":[{"count":1,"href":"https:\/\/adcapspi.org.br\/site\/wp-json\/wp\/v2\/posts\/1465\/revisions"}],"predecessor-version":[{"id":1466,"href":"https:\/\/adcapspi.org.br\/site\/wp-json\/wp\/v2\/posts\/1465\/revisions\/1466"}],"wp:attachment":[{"href":"https:\/\/adcapspi.org.br\/site\/wp-json\/wp\/v2\/media?parent=1465"}],"wp:term":[{"taxonomy":"category","embeddable":true,"href":"https:\/\/adcapspi.org.br\/site\/wp-json\/wp\/v2\/categories?post=1465"},{"taxonomy":"post_tag","embeddable":true,"href":"https:\/\/adcapspi.org.br\/site\/wp-json\/wp\/v2\/tags?post=1465"}],"curies":[{"name":"wp","href":"https:\/\/api.w.org\/{rel}","templated":true}]}}