{"id":1490,"date":"2025-07-28T15:24:17","date_gmt":"2025-07-28T15:24:17","guid":{"rendered":"https:\/\/adcapspi.org.br\/site\/?p=1490"},"modified":"2025-07-30T15:25:39","modified_gmt":"2025-07-30T15:25:39","slug":"adcap-continua-atuando-em-defesa-dos-associados-pela-manutencao-dos-trabalhadores-com-75-anos-e-pela-manutencao-do-teletrabalho","status":"publish","type":"post","link":"https:\/\/adcapspi.org.br\/site\/adcap-continua-atuando-em-defesa-dos-associados-pela-manutencao-dos-trabalhadores-com-75-anos-e-pela-manutencao-do-teletrabalho\/","title":{"rendered":"ADCAP continua atuando em defesa dos associados pela manuten\u00e7\u00e3o dos trabalhadores com 75 anos e pela manuten\u00e7\u00e3o do teletrabalho"},"content":{"rendered":"<p>Considerando informa\u00e7\u00f5es de associados sobre decis\u00e3o da Dire\u00e7\u00e3o dos Correios em desligar trabalhadores com 75 anos de idade, informamos que a ADCAP j\u00e1 possui a\u00e7\u00e3o coletiva que discute poss\u00edvel ilegalidade nessa medida e, em raz\u00e3o dos temas 1390 e 638 em discuss\u00e3o no STF apresentou medida cautelar para suspender a efic\u00e1cia da decis\u00e3o at\u00e9 o julgamento dos temas pelo STF.<\/p>\n<p>&nbsp;<\/p>\n<p>Do mesmo modo, a ADCAP participou de audi\u00eancia no TRT 5 em raz\u00e3o da ACPCIV 0000585-43.2020.5.05.0016 que trata de ass\u00e9dio nos Correios relatando que a medida generalizada para o fim do teletrabalho tem o sentido de pressionar os trabalhadores a aderirem aos seguidos Planos de desligamentos implementados pelos Correios.<\/p>\n<p>&nbsp;<\/p>\n<p>Assim, renovamos as informa\u00e7\u00f5es da atua\u00e7\u00e3o permanente da ADCAP em respeito aos direitos e dignidade dos associados trabalhadores dos Correios.<\/p>\n<p>&nbsp;<\/p>\n<p class=\"has-text-align-right\"><strong>Dire\u00e7\u00e3o Nacional da ADCAP<\/strong><\/p>\n","protected":false},"excerpt":{"rendered":"<p>Considerando informa\u00e7\u00f5es de associados sobre decis\u00e3o da Dire\u00e7\u00e3o dos Correios em desligar trabalhadores com 75 anos de idade, informamos que a ADCAP j\u00e1 possui a\u00e7\u00e3o coletiva que discute poss\u00edvel ilegalidade nessa medida e, em raz\u00e3o dos temas 1390 e 638 em discuss\u00e3o no STF apresentou medida cautelar para suspender a efic\u00e1cia da decis\u00e3o at\u00e9 o julgamento dos temas pelo STF. &nbsp; Do mesmo modo, a ADCAP participou de audi\u00eancia no TRT 5 em raz\u00e3o da ACPCIV 0000585-43.2020.5.05.0016 que trata de ass\u00e9dio nos Correios relatando que a medida generalizada para o fim do teletrabalho tem o sentido de pressionar os trabalhadores a aderirem aos seguidos Planos de desligamentos implementados pelos Correios. &nbsp; Assim, renovamos as informa\u00e7\u00f5es da atua\u00e7\u00e3o permanente da ADCAP em respeito aos direitos e dignidade dos associados trabalhadores dos Correios. &nbsp; Dire\u00e7\u00e3o Nacional da ADCAP<\/p>\n","protected":false},"author":2,"featured_media":0,"comment_status":"open","ping_status":"open","sticky":false,"template":"","format":"standard","meta":{"ocean_post_layout":"","ocean_both_sidebars_style":"","ocean_both_sidebars_content_width":0,"ocean_both_sidebars_sidebars_width":0,"ocean_sidebar":"0","ocean_second_sidebar":"0","ocean_disable_margins":"enable","ocean_add_body_class":"","ocean_shortcode_before_top_bar":"","ocean_shortcode_after_top_bar":"","ocean_shortcode_before_header":"","ocean_shortcode_after_header":"","ocean_has_shortcode":"","ocean_shortcode_after_title":"","ocean_shortcode_before_footer_widgets":"","ocean_shortcode_after_footer_widgets":"","ocean_shortcode_before_footer_bottom":"","ocean_shortcode_after_footer_bottom":"","ocean_display_top_bar":"default","ocean_display_header":"default","ocean_header_style":"","ocean_center_header_left_menu":"0","ocean_custom_header_template":"0","ocean_custom_logo":0,"ocean_custom_retina_logo":0,"ocean_custom_logo_max_width":0,"ocean_custom_logo_tablet_max_width":0,"ocean_custom_logo_mobile_max_width":0,"ocean_custom_logo_max_height":0,"ocean_custom_logo_tablet_max_height":0,"ocean_custom_logo_mobile_max_height":0,"ocean_header_custom_menu":"0","ocean_menu_typo_font_family":"0","ocean_menu_typo_font_subset":"","ocean_menu_typo_font_size":0,"ocean_menu_typo_font_size_tablet":0,"ocean_menu_typo_font_size_mobile":0,"ocean_menu_typo_font_size_unit":"px","ocean_menu_typo_font_weight":"","ocean_menu_typo_font_weight_tablet":"","ocean_menu_typo_font_weight_mobile":"","ocean_menu_typo_transform":"","ocean_menu_typo_transform_tablet":"","ocean_menu_typo_transform_mobile":"","ocean_menu_typo_line_height":0,"ocean_menu_typo_line_height_tablet":0,"ocean_menu_typo_line_height_mobile":0,"ocean_menu_typo_line_height_unit":"","ocean_menu_typo_spacing":0,"ocean_menu_typo_spacing_tablet":0,"ocean_menu_typo_spacing_mobile":0,"ocean_menu_typo_spacing_unit":"","ocean_menu_link_color":"","ocean_menu_link_color_hover":"","ocean_menu_link_color_active":"","ocean_menu_link_background":"","ocean_menu_link_hover_background":"","ocean_menu_link_active_background":"","ocean_menu_social_links_bg":"","ocean_menu_social_hover_links_bg":"","ocean_menu_social_links_color":"","ocean_menu_social_hover_links_color":"","ocean_disable_title":"default","ocean_disable_heading":"default","ocean_post_title":"","ocean_post_subheading":"","ocean_post_title_style":"","ocean_post_title_background_color":"","ocean_post_title_background":0,"ocean_post_title_bg_image_position":"","ocean_post_title_bg_image_attachment":"","ocean_post_title_bg_image_repeat":"","ocean_post_title_bg_image_size":"","ocean_post_title_height":0,"ocean_post_title_bg_overlay":0.5,"ocean_post_title_bg_overlay_color":"","ocean_disable_breadcrumbs":"default","ocean_breadcrumbs_color":"","ocean_breadcrumbs_separator_color":"","ocean_breadcrumbs_links_color":"","ocean_breadcrumbs_links_hover_color":"","ocean_display_footer_widgets":"default","ocean_display_footer_bottom":"default","ocean_custom_footer_template":"0","ocean_post_oembed":"","ocean_post_self_hosted_media":"","ocean_post_video_embed":"","ocean_link_format":"","ocean_link_format_target":"self","ocean_quote_format":"","ocean_quote_format_link":"post","ocean_gallery_link_images":"on","ocean_gallery_id":[],"footnotes":""},"categories":[19,22,13],"tags":[],"class_list":["post-1490","post","type-post","status-publish","format-standard","hentry","category-correios","category-direitos-trabalhistas","category-noticias","entry"],"_links":{"self":[{"href":"https:\/\/adcapspi.org.br\/site\/wp-json\/wp\/v2\/posts\/1490","targetHints":{"allow":["GET"]}}],"collection":[{"href":"https:\/\/adcapspi.org.br\/site\/wp-json\/wp\/v2\/posts"}],"about":[{"href":"https:\/\/adcapspi.org.br\/site\/wp-json\/wp\/v2\/types\/post"}],"author":[{"embeddable":true,"href":"https:\/\/adcapspi.org.br\/site\/wp-json\/wp\/v2\/users\/2"}],"replies":[{"embeddable":true,"href":"https:\/\/adcapspi.org.br\/site\/wp-json\/wp\/v2\/comments?post=1490"}],"version-history":[{"count":1,"href":"https:\/\/adcapspi.org.br\/site\/wp-json\/wp\/v2\/posts\/1490\/revisions"}],"predecessor-version":[{"id":1491,"href":"https:\/\/adcapspi.org.br\/site\/wp-json\/wp\/v2\/posts\/1490\/revisions\/1491"}],"wp:attachment":[{"href":"https:\/\/adcapspi.org.br\/site\/wp-json\/wp\/v2\/media?parent=1490"}],"wp:term":[{"taxonomy":"category","embeddable":true,"href":"https:\/\/adcapspi.org.br\/site\/wp-json\/wp\/v2\/categories?post=1490"},{"taxonomy":"post_tag","embeddable":true,"href":"https:\/\/adcapspi.org.br\/site\/wp-json\/wp\/v2\/tags?post=1490"}],"curies":[{"name":"wp","href":"https:\/\/api.w.org\/{rel}","templated":true}]}}