{"id":1521,"date":"2025-09-11T10:42:21","date_gmt":"2025-09-11T10:42:21","guid":{"rendered":"https:\/\/adcapspi.org.br\/site\/?p=1521"},"modified":"2025-09-15T10:43:52","modified_gmt":"2025-09-15T10:43:52","slug":"adcap-participa-da-solenidade-de-posse-da-nova-diretoria-do-instituto-servir-brasil","status":"publish","type":"post","link":"https:\/\/adcapspi.org.br\/site\/adcap-participa-da-solenidade-de-posse-da-nova-diretoria-do-instituto-servir-brasil\/","title":{"rendered":"ADCAP participa da Solenidade de Posse da nova Diretoria do Instituto Servir Brasil"},"content":{"rendered":"<div><a href=\"https:\/\/adcap.org.br\/wp-content\/uploads\/WhatsApp-Image-2025-09-10-at-11.03.27.jpeg\" data-rel=\"penci-gallery-image-content\"><img fetchpriority=\"high\" decoding=\"async\" class=\"aligncenter wp-image-20444\" src=\"https:\/\/adcap.org.br\/wp-content\/uploads\/WhatsApp-Image-2025-09-10-at-11.03.27-1024x755.jpeg\" sizes=\"(max-width: 1024px) 100vw, 1024px\" srcset=\"https:\/\/adcap.org.br\/wp-content\/uploads\/WhatsApp-Image-2025-09-10-at-11.03.27-1024x755.jpeg 1024w, https:\/\/adcap.org.br\/wp-content\/uploads\/WhatsApp-Image-2025-09-10-at-11.03.27-300x221.jpeg 300w, https:\/\/adcap.org.br\/wp-content\/uploads\/WhatsApp-Image-2025-09-10-at-11.03.27-768x566.jpeg 768w, https:\/\/adcap.org.br\/wp-content\/uploads\/WhatsApp-Image-2025-09-10-at-11.03.27-1170x863.jpeg 1170w, https:\/\/adcap.org.br\/wp-content\/uploads\/WhatsApp-Image-2025-09-10-at-11.03.27-585x431.jpeg 585w, https:\/\/adcap.org.br\/wp-content\/uploads\/WhatsApp-Image-2025-09-10-at-11.03.27.jpeg 1260w\" alt=\"\" width=\"571\" height=\"517\" \/><\/a><\/div>\n<div><\/div>\n<div><\/div>\n<div>A ADCAP comp\u00f5e o Instituto Servir Brasil, que atua fortemente em defesa de um servi\u00e7o p\u00fablico de qualidade, bra\u00e7o operacional da Frente Parlamentar Mista Servir Brasil com mais de 200 parlamentares entre Deputados Federais e Senadores, em uma frente plural, democr\u00e1tica e ativa, unida pelo ideal de valoriza\u00e7\u00e3o do servi\u00e7o p\u00fablico brasileiro.<\/div>\n<div><\/div>\n<div><\/div>\n<div>Em seus princ\u00edpios, que a norteiam desde sua funda\u00e7\u00e3o, a ADCAP \u00e9 uma associa\u00e7\u00e3o apartid\u00e1ria, sem vi\u00e9s pol\u00edtico ideol\u00f3gico e que tamb\u00e9m luta pela gest\u00e3o t\u00e9cnica profissional na ECT, Postalis e Postal Sa\u00fade, portanto, coaduna com os princ\u00edpios do Instituto Servir Brasil na luta por um servi\u00e7o p\u00fablico exercido com preocupa\u00e7\u00e3o com a melhor gest\u00e3o t\u00e9cnica, com o <em>compliance<\/em>, transpar\u00eancia e governan\u00e7a.<\/div>\n<div><\/div>\n<div><\/div>\n<div>No dia 09 de setembro (quarta-feira), \u00e0s 10h, no Sal\u00e3o Nobre da C\u00e2mara dos Deputados, foi realizada a Solenidade de Posse da nova Diretoria Institucional e do Conselho Fiscal do Instituto Servir Brasil, prestigiada por parlamentares e por aproximadamente 30 sindicatos\/associa\u00e7\u00f5es, que comp\u00f5em o Instituto, com a participa\u00e7\u00e3o do presidente da Frente Parlamentar Mista Servir Brasil, deputado Andr\u00e9 Figueiredo, que refor\u00e7ou a import\u00e2ncia da parceria entre a Frente e o Instituto.<\/div>\n<div><\/div>\n<div><\/div>\n<div>Na cerim\u00f4nia de posse do presidente Alison Souza (SindiLegis), do vice-presidente Janus Pablo Macedo (ANFFA Sindical) e do Conselho Fiscal, esteve presente, representando a ADCAP, o secret\u00e1rio Geral \u2013 Rogiero Andrade.<\/div>\n<div><\/div>\n<div><\/div>\n<div>Em seu discurso, o presidente do Instituto Servir Brasil e do Sindilegis, Alison Souza, afirmou que o servi\u00e7o p\u00fablico \u00e9 fundamental para promover inclus\u00e3o, reduzir desigualdades e criar condi\u00e7\u00f5es para que o pa\u00eds avance. Ele advertiu que qualquer tentativa de enfraquecer o servido p\u00fablico \u00e9, em \u00faltima inst\u00e2ncia, enfraquecer a pr\u00f3pria sociedade.<\/div>\n<div><\/div>\n<div><\/div>\n<div>A ADCAP integrou a Comiss\u00e3o Eleitoral respons\u00e1vel pelo processo que conduziu \u00e0 posse dos novos dirigentes.<\/div>\n<div><\/div>\n<div><\/div>\n<div><\/div>\n<div><strong>Dire\u00e7\u00e3o Nacional da ADCAP<\/strong><\/div>\n","protected":false},"excerpt":{"rendered":"<p>A ADCAP comp\u00f5e o Instituto Servir Brasil, que atua fortemente em defesa de um servi\u00e7o p\u00fablico de qualidade, bra\u00e7o operacional da Frente Parlamentar Mista Servir Brasil com mais de 200 parlamentares entre Deputados Federais e Senadores, em uma frente plural, democr\u00e1tica e ativa, unida pelo ideal de valoriza\u00e7\u00e3o do servi\u00e7o p\u00fablico brasileiro. Em seus princ\u00edpios, que a norteiam desde sua funda\u00e7\u00e3o, a ADCAP \u00e9 uma associa\u00e7\u00e3o apartid\u00e1ria, sem vi\u00e9s pol\u00edtico ideol\u00f3gico e que tamb\u00e9m luta pela gest\u00e3o t\u00e9cnica profissional na ECT, Postalis e Postal Sa\u00fade, portanto, coaduna com os princ\u00edpios do Instituto Servir Brasil na luta por um servi\u00e7o p\u00fablico exercido com preocupa\u00e7\u00e3o com a melhor gest\u00e3o t\u00e9cnica, com o compliance, transpar\u00eancia e governan\u00e7a. No dia 09 de setembro (quarta-feira), \u00e0s 10h, no Sal\u00e3o Nobre da C\u00e2mara dos Deputados, foi realizada a Solenidade de Posse da nova Diretoria Institucional e do Conselho Fiscal do Instituto Servir Brasil, prestigiada por parlamentares e por aproximadamente 30 sindicatos\/associa\u00e7\u00f5es, que comp\u00f5em o Instituto, com a participa\u00e7\u00e3o do presidente da Frente Parlamentar Mista Servir Brasil, deputado Andr\u00e9 Figueiredo, que refor\u00e7ou a import\u00e2ncia da parceria entre a Frente e o Instituto. Na cerim\u00f4nia de posse do presidente Alison Souza (SindiLegis), do vice-presidente Janus Pablo Macedo (ANFFA Sindical) e do Conselho Fiscal, esteve presente, representando a ADCAP, o secret\u00e1rio Geral \u2013 Rogiero Andrade. Em seu discurso, o presidente do Instituto Servir Brasil e do Sindilegis, Alison Souza, afirmou que o servi\u00e7o p\u00fablico \u00e9 fundamental para promover inclus\u00e3o, reduzir desigualdades e criar condi\u00e7\u00f5es para que o pa\u00eds avance. Ele advertiu que qualquer tentativa de enfraquecer o servido p\u00fablico \u00e9, em \u00faltima inst\u00e2ncia, enfraquecer a pr\u00f3pria sociedade. A ADCAP integrou a Comiss\u00e3o Eleitoral respons\u00e1vel pelo processo que conduziu \u00e0 posse dos novos dirigentes. Dire\u00e7\u00e3o Nacional da ADCAP<\/p>\n","protected":false},"author":2,"featured_media":0,"comment_status":"open","ping_status":"open","sticky":false,"template":"","format":"standard","meta":{"ocean_post_layout":"","ocean_both_sidebars_style":"","ocean_both_sidebars_content_width":0,"ocean_both_sidebars_sidebars_width":0,"ocean_sidebar":"0","ocean_second_sidebar":"0","ocean_disable_margins":"enable","ocean_add_body_class":"","ocean_shortcode_before_top_bar":"","ocean_shortcode_after_top_bar":"","ocean_shortcode_before_header":"","ocean_shortcode_after_header":"","ocean_has_shortcode":"","ocean_shortcode_after_title":"","ocean_shortcode_before_footer_widgets":"","ocean_shortcode_after_footer_widgets":"","ocean_shortcode_before_footer_bottom":"","ocean_shortcode_after_footer_bottom":"","ocean_display_top_bar":"default","ocean_display_header":"default","ocean_header_style":"","ocean_center_header_left_menu":"0","ocean_custom_header_template":"0","ocean_custom_logo":0,"ocean_custom_retina_logo":0,"ocean_custom_logo_max_width":0,"ocean_custom_logo_tablet_max_width":0,"ocean_custom_logo_mobile_max_width":0,"ocean_custom_logo_max_height":0,"ocean_custom_logo_tablet_max_height":0,"ocean_custom_logo_mobile_max_height":0,"ocean_header_custom_menu":"0","ocean_menu_typo_font_family":"0","ocean_menu_typo_font_subset":"","ocean_menu_typo_font_size":0,"ocean_menu_typo_font_size_tablet":0,"ocean_menu_typo_font_size_mobile":0,"ocean_menu_typo_font_size_unit":"px","ocean_menu_typo_font_weight":"","ocean_menu_typo_font_weight_tablet":"","ocean_menu_typo_font_weight_mobile":"","ocean_menu_typo_transform":"","ocean_menu_typo_transform_tablet":"","ocean_menu_typo_transform_mobile":"","ocean_menu_typo_line_height":0,"ocean_menu_typo_line_height_tablet":0,"ocean_menu_typo_line_height_mobile":0,"ocean_menu_typo_line_height_unit":"","ocean_menu_typo_spacing":0,"ocean_menu_typo_spacing_tablet":0,"ocean_menu_typo_spacing_mobile":0,"ocean_menu_typo_spacing_unit":"","ocean_menu_link_color":"","ocean_menu_link_color_hover":"","ocean_menu_link_color_active":"","ocean_menu_link_background":"","ocean_menu_link_hover_background":"","ocean_menu_link_active_background":"","ocean_menu_social_links_bg":"","ocean_menu_social_hover_links_bg":"","ocean_menu_social_links_color":"","ocean_menu_social_hover_links_color":"","ocean_disable_title":"default","ocean_disable_heading":"default","ocean_post_title":"","ocean_post_subheading":"","ocean_post_title_style":"","ocean_post_title_background_color":"","ocean_post_title_background":0,"ocean_post_title_bg_image_position":"","ocean_post_title_bg_image_attachment":"","ocean_post_title_bg_image_repeat":"","ocean_post_title_bg_image_size":"","ocean_post_title_height":0,"ocean_post_title_bg_overlay":0.5,"ocean_post_title_bg_overlay_color":"","ocean_disable_breadcrumbs":"default","ocean_breadcrumbs_color":"","ocean_breadcrumbs_separator_color":"","ocean_breadcrumbs_links_color":"","ocean_breadcrumbs_links_hover_color":"","ocean_display_footer_widgets":"default","ocean_display_footer_bottom":"default","ocean_custom_footer_template":"0","ocean_post_oembed":"","ocean_post_self_hosted_media":"","ocean_post_video_embed":"","ocean_link_format":"","ocean_link_format_target":"self","ocean_quote_format":"","ocean_quote_format_link":"post","ocean_gallery_link_images":"on","ocean_gallery_id":[],"footnotes":""},"categories":[27,12,13],"tags":[],"class_list":["post-1521","post","type-post","status-publish","format-standard","hentry","category-associativismo","category-eventos","category-noticias","entry"],"_links":{"self":[{"href":"https:\/\/adcapspi.org.br\/site\/wp-json\/wp\/v2\/posts\/1521","targetHints":{"allow":["GET"]}}],"collection":[{"href":"https:\/\/adcapspi.org.br\/site\/wp-json\/wp\/v2\/posts"}],"about":[{"href":"https:\/\/adcapspi.org.br\/site\/wp-json\/wp\/v2\/types\/post"}],"author":[{"embeddable":true,"href":"https:\/\/adcapspi.org.br\/site\/wp-json\/wp\/v2\/users\/2"}],"replies":[{"embeddable":true,"href":"https:\/\/adcapspi.org.br\/site\/wp-json\/wp\/v2\/comments?post=1521"}],"version-history":[{"count":1,"href":"https:\/\/adcapspi.org.br\/site\/wp-json\/wp\/v2\/posts\/1521\/revisions"}],"predecessor-version":[{"id":1522,"href":"https:\/\/adcapspi.org.br\/site\/wp-json\/wp\/v2\/posts\/1521\/revisions\/1522"}],"wp:attachment":[{"href":"https:\/\/adcapspi.org.br\/site\/wp-json\/wp\/v2\/media?parent=1521"}],"wp:term":[{"taxonomy":"category","embeddable":true,"href":"https:\/\/adcapspi.org.br\/site\/wp-json\/wp\/v2\/categories?post=1521"},{"taxonomy":"post_tag","embeddable":true,"href":"https:\/\/adcapspi.org.br\/site\/wp-json\/wp\/v2\/tags?post=1521"}],"curies":[{"name":"wp","href":"https:\/\/api.w.org\/{rel}","templated":true}]}}