{"id":1556,"date":"2025-11-11T00:01:26","date_gmt":"2025-11-11T00:01:26","guid":{"rendered":"https:\/\/adcapspi.org.br\/site\/?p=1556"},"modified":"2025-11-18T00:03:48","modified_gmt":"2025-11-18T00:03:48","slug":"a-adcap-ajuda-a-pensar-o-brasil","status":"publish","type":"post","link":"https:\/\/adcapspi.org.br\/site\/a-adcap-ajuda-a-pensar-o-brasil\/","title":{"rendered":"A ADCAP ajuda a Pensar o Brasil"},"content":{"rendered":"<p><a href=\"https:\/\/adcap.org.br\/wp-content\/uploads\/WhatsApp-Image-2025-11-10-at-11.56.28.jpeg\" data-rel=\"penci-gallery-image-content\"><img fetchpriority=\"high\" decoding=\"async\" class=\"aligncenter wp-image-20580\" src=\"https:\/\/adcap.org.br\/wp-content\/uploads\/WhatsApp-Image-2025-11-10-at-11.56.28-1024x649.jpeg\" sizes=\"(max-width: 1024px) 100vw, 1024px\" srcset=\"https:\/\/adcap.org.br\/wp-content\/uploads\/WhatsApp-Image-2025-11-10-at-11.56.28-1024x649.jpeg 1024w, https:\/\/adcap.org.br\/wp-content\/uploads\/WhatsApp-Image-2025-11-10-at-11.56.28-300x190.jpeg 300w, https:\/\/adcap.org.br\/wp-content\/uploads\/WhatsApp-Image-2025-11-10-at-11.56.28-768x487.jpeg 768w, https:\/\/adcap.org.br\/wp-content\/uploads\/WhatsApp-Image-2025-11-10-at-11.56.28-1536x973.jpeg 1536w, https:\/\/adcap.org.br\/wp-content\/uploads\/WhatsApp-Image-2025-11-10-at-11.56.28-1170x741.jpeg 1170w, https:\/\/adcap.org.br\/wp-content\/uploads\/WhatsApp-Image-2025-11-10-at-11.56.28-585x371.jpeg 585w, https:\/\/adcap.org.br\/wp-content\/uploads\/WhatsApp-Image-2025-11-10-at-11.56.28.jpeg 1600w\" alt=\"\" width=\"631\" height=\"400\" \/><\/a><\/p>\n<p>Na \u00faltima quinta-feira (06), o secret\u00e1rio-geral Rogiero Andrade e o diretor Jos\u00e9 Maria Santos, representaram a ADCAP como uma das parceiras idealizadoras do 3\u00ba. PENSAR BRASIL, realizado pelo Instituto Pensar Brasil, Sindilegis e Sindifisco Nacional. O evento ocorreu no audit\u00f3rio Ministro Pereira Lira do Tribunal de Contas da Uni\u00e3o (TCU), com o tema Or\u00e7amento e Desenvolvimento: Caminhos para a justi\u00e7a social.<\/p>\n<p>&nbsp;<\/p>\n<p>O evento debateu a quest\u00e3o or\u00e7ament\u00e1ria, suas realidades e necessidades, com propostas de melhoria para a sociedade brasileira atrav\u00e9s de uma real preocupa\u00e7\u00e3o com um planejamento or\u00e7ament\u00e1rio s\u00e9rio, que resulte em uma melhor aplica\u00e7\u00e3o dos recursos nacionais. Contou com a presen\u00e7a do ministro Vital do Rego (presidente do TCU), ministro Ant\u00f4nio Anastasia (TCU), Deputado Mauro Benevides Filho, Deputado Luiz Carlos Hauly e diversos painelistas de renome e destaque no cen\u00e1rio nacional nos temas abordados.<\/p>\n<p>&nbsp;<\/p>\n<p>O Pensar Brasil se destaca como uma iniciativa fundamental para fomentar discuss\u00f5es de relev\u00e2ncia nacional, reunindo especialistas, parlamentares, servidores p\u00fablicos e l\u00edderes do setor privado para discutir temas centrais que impactam o futuro do pa\u00eds. Criado com o intuito de ser um espa\u00e7o de di\u00e1logo e constru\u00e7\u00e3o de ideias coletivas, o evento busca apontar solu\u00e7\u00f5es pr\u00e1ticas para problemas estruturais que afetam a economia e a sociedade brasileira. Entidades representativas, como a ADCAP, lideram essa iniciativa, que visa transformar o debate em a\u00e7\u00f5es concretas.<\/p>\n<p>&nbsp;<\/p>\n<p>A primeira edi\u00e7\u00e3o, que j\u00e1 contou com a presen\u00e7a da ADCAP, realizada em maio de 2022, no Museu do Amanh\u00e3, no Rio de Janeiro, trouxe \u00e0 tona discuss\u00f5es profundas sobre o futuro das rela\u00e7\u00f5es de trabalho, uma quest\u00e3o cada vez mais urgente em meio \u00e0s transforma\u00e7\u00f5es tecnol\u00f3gicas e \u00e0 crescente informalidade no mercado. Estiveram presentes no evento importantes personalidades da pol\u00edtica, do mundo empresarial, acad\u00eamico e do meio jur\u00eddico, incluindo ministros de estado.<\/p>\n<p>Na segunda edi\u00e7\u00e3o, que aconteceu em junho de 2024, em Bras\u00edlia\/DF, tamb\u00e9m com a presen\u00e7a da ADCAP, o tema escolhido para o debate foi a reforma tribut\u00e1ria, considerada uma das mais importantes pautas para o desenvolvimento do Brasil. O evento foi marcado por uma programa\u00e7\u00e3o diversa que abordou n\u00e3o apenas os aspectos econ\u00f4micos, mas tamb\u00e9m os impactos sociais e federativos da reforma. Especialistas discutiram como a unifica\u00e7\u00e3o dos tributos sobre o consumo e a transi\u00e7\u00e3o do sistema atual podem beneficiar o desenvolvimento das regi\u00f5es menos favorecidas, criando um sistema mais equilibrado e justo.<\/p>\n<p>&nbsp;<\/p>\n<p>O Pensar Brasil, al\u00e9m de promover debates sobre temas de grande relev\u00e2ncia no cen\u00e1rio pol\u00edtico e social, tem se consolidado como um espa\u00e7o para a gera\u00e7\u00e3o de conhecimento. As principais conclus\u00f5es das discuss\u00f5es realizadas durante o evento s\u00e3o sistematizadas em publica\u00e7\u00f5es, que s\u00e3o reunidas em uma colet\u00e2nea entregue a autoridades pol\u00edticas e \u00e0 sociedade. Esse processo refor\u00e7a o compromisso do evento com a formula\u00e7\u00e3o de pol\u00edticas p\u00fablicas eficazes.<\/p>\n<p>&nbsp;<\/p>\n<p><strong>Dire\u00e7\u00e3o Nacional da ADCAP<\/strong><\/p>\n","protected":false},"excerpt":{"rendered":"<p>Na \u00faltima quinta-feira (06), o secret\u00e1rio-geral Rogiero Andrade e o diretor Jos\u00e9 Maria Santos, representaram a ADCAP como uma das parceiras idealizadoras do 3\u00ba. PENSAR BRASIL, realizado pelo Instituto Pensar Brasil, Sindilegis e Sindifisco Nacional. O evento ocorreu no audit\u00f3rio Ministro Pereira Lira do Tribunal de Contas da Uni\u00e3o (TCU), com o tema Or\u00e7amento e Desenvolvimento: Caminhos para a justi\u00e7a social. &nbsp; O evento debateu a quest\u00e3o or\u00e7ament\u00e1ria, suas realidades e necessidades, com propostas de melhoria para a sociedade brasileira atrav\u00e9s de uma real preocupa\u00e7\u00e3o com um planejamento or\u00e7ament\u00e1rio s\u00e9rio, que resulte em uma melhor aplica\u00e7\u00e3o dos recursos nacionais. Contou com a presen\u00e7a do ministro Vital do Rego (presidente do TCU), ministro Ant\u00f4nio Anastasia (TCU), Deputado Mauro Benevides Filho, Deputado Luiz Carlos Hauly e diversos painelistas de renome e destaque no cen\u00e1rio nacional nos temas abordados. &nbsp; O Pensar Brasil se destaca como uma iniciativa fundamental para fomentar discuss\u00f5es de relev\u00e2ncia nacional, reunindo especialistas, parlamentares, servidores p\u00fablicos e l\u00edderes do setor privado para discutir temas centrais que impactam o futuro do pa\u00eds. Criado com o intuito de ser um espa\u00e7o de di\u00e1logo e constru\u00e7\u00e3o de ideias coletivas, o evento busca apontar solu\u00e7\u00f5es pr\u00e1ticas para problemas estruturais que afetam a economia e a sociedade brasileira. Entidades representativas, como a ADCAP, lideram essa iniciativa, que visa transformar o debate em a\u00e7\u00f5es concretas. &nbsp; A primeira edi\u00e7\u00e3o, que j\u00e1 contou com a presen\u00e7a da ADCAP, realizada em maio de 2022, no Museu do Amanh\u00e3, no Rio de Janeiro, trouxe \u00e0 tona discuss\u00f5es profundas sobre o futuro das rela\u00e7\u00f5es de trabalho, uma quest\u00e3o cada vez mais urgente em meio \u00e0s transforma\u00e7\u00f5es tecnol\u00f3gicas e \u00e0 crescente informalidade no mercado. Estiveram presentes no evento importantes personalidades da pol\u00edtica, do mundo empresarial, acad\u00eamico e do meio jur\u00eddico, incluindo ministros de estado. Na segunda edi\u00e7\u00e3o, que aconteceu em junho de 2024, em Bras\u00edlia\/DF, tamb\u00e9m com a presen\u00e7a da ADCAP, o tema escolhido para o debate foi a reforma tribut\u00e1ria, considerada uma das mais importantes pautas para o desenvolvimento do Brasil. O evento foi marcado por uma programa\u00e7\u00e3o diversa que abordou n\u00e3o apenas os aspectos econ\u00f4micos, mas tamb\u00e9m os impactos sociais e federativos da reforma. Especialistas discutiram como a unifica\u00e7\u00e3o dos tributos sobre o consumo e a transi\u00e7\u00e3o do sistema atual podem beneficiar o desenvolvimento das regi\u00f5es menos favorecidas, criando um sistema mais equilibrado e justo. &nbsp; O Pensar Brasil, al\u00e9m de promover debates sobre temas de grande relev\u00e2ncia no cen\u00e1rio pol\u00edtico e social, tem se consolidado como um espa\u00e7o para a gera\u00e7\u00e3o de conhecimento. As principais conclus\u00f5es das discuss\u00f5es realizadas durante o evento s\u00e3o sistematizadas em publica\u00e7\u00f5es, que s\u00e3o reunidas em uma colet\u00e2nea entregue a autoridades pol\u00edticas e \u00e0 sociedade. Esse processo refor\u00e7a o compromisso do evento com a formula\u00e7\u00e3o de pol\u00edticas p\u00fablicas eficazes. &nbsp; Dire\u00e7\u00e3o Nacional da ADCAP<\/p>\n","protected":false},"author":2,"featured_media":0,"comment_status":"open","ping_status":"open","sticky":false,"template":"","format":"standard","meta":{"ocean_post_layout":"","ocean_both_sidebars_style":"","ocean_both_sidebars_content_width":0,"ocean_both_sidebars_sidebars_width":0,"ocean_sidebar":"0","ocean_second_sidebar":"0","ocean_disable_margins":"enable","ocean_add_body_class":"","ocean_shortcode_before_top_bar":"","ocean_shortcode_after_top_bar":"","ocean_shortcode_before_header":"","ocean_shortcode_after_header":"","ocean_has_shortcode":"","ocean_shortcode_after_title":"","ocean_shortcode_before_footer_widgets":"","ocean_shortcode_after_footer_widgets":"","ocean_shortcode_before_footer_bottom":"","ocean_shortcode_after_footer_bottom":"","ocean_display_top_bar":"default","ocean_display_header":"default","ocean_header_style":"","ocean_center_header_left_menu":"0","ocean_custom_header_template":"0","ocean_custom_logo":0,"ocean_custom_retina_logo":0,"ocean_custom_logo_max_width":0,"ocean_custom_logo_tablet_max_width":0,"ocean_custom_logo_mobile_max_width":0,"ocean_custom_logo_max_height":0,"ocean_custom_logo_tablet_max_height":0,"ocean_custom_logo_mobile_max_height":0,"ocean_header_custom_menu":"0","ocean_menu_typo_font_family":"0","ocean_menu_typo_font_subset":"","ocean_menu_typo_font_size":0,"ocean_menu_typo_font_size_tablet":0,"ocean_menu_typo_font_size_mobile":0,"ocean_menu_typo_font_size_unit":"px","ocean_menu_typo_font_weight":"","ocean_menu_typo_font_weight_tablet":"","ocean_menu_typo_font_weight_mobile":"","ocean_menu_typo_transform":"","ocean_menu_typo_transform_tablet":"","ocean_menu_typo_transform_mobile":"","ocean_menu_typo_line_height":0,"ocean_menu_typo_line_height_tablet":0,"ocean_menu_typo_line_height_mobile":0,"ocean_menu_typo_line_height_unit":"","ocean_menu_typo_spacing":0,"ocean_menu_typo_spacing_tablet":0,"ocean_menu_typo_spacing_mobile":0,"ocean_menu_typo_spacing_unit":"","ocean_menu_link_color":"","ocean_menu_link_color_hover":"","ocean_menu_link_color_active":"","ocean_menu_link_background":"","ocean_menu_link_hover_background":"","ocean_menu_link_active_background":"","ocean_menu_social_links_bg":"","ocean_menu_social_hover_links_bg":"","ocean_menu_social_links_color":"","ocean_menu_social_hover_links_color":"","ocean_disable_title":"default","ocean_disable_heading":"default","ocean_post_title":"","ocean_post_subheading":"","ocean_post_title_style":"","ocean_post_title_background_color":"","ocean_post_title_background":0,"ocean_post_title_bg_image_position":"","ocean_post_title_bg_image_attachment":"","ocean_post_title_bg_image_repeat":"","ocean_post_title_bg_image_size":"","ocean_post_title_height":0,"ocean_post_title_bg_overlay":0.5,"ocean_post_title_bg_overlay_color":"","ocean_disable_breadcrumbs":"default","ocean_breadcrumbs_color":"","ocean_breadcrumbs_separator_color":"","ocean_breadcrumbs_links_color":"","ocean_breadcrumbs_links_hover_color":"","ocean_display_footer_widgets":"default","ocean_display_footer_bottom":"default","ocean_custom_footer_template":"0","ocean_post_oembed":"","ocean_post_self_hosted_media":"","ocean_post_video_embed":"","ocean_link_format":"","ocean_link_format_target":"self","ocean_quote_format":"","ocean_quote_format_link":"post","ocean_gallery_link_images":"on","ocean_gallery_id":[],"footnotes":""},"categories":[12,29,13],"tags":[],"class_list":["post-1556","post","type-post","status-publish","format-standard","hentry","category-eventos","category-institucional","category-noticias","entry"],"_links":{"self":[{"href":"https:\/\/adcapspi.org.br\/site\/wp-json\/wp\/v2\/posts\/1556","targetHints":{"allow":["GET"]}}],"collection":[{"href":"https:\/\/adcapspi.org.br\/site\/wp-json\/wp\/v2\/posts"}],"about":[{"href":"https:\/\/adcapspi.org.br\/site\/wp-json\/wp\/v2\/types\/post"}],"author":[{"embeddable":true,"href":"https:\/\/adcapspi.org.br\/site\/wp-json\/wp\/v2\/users\/2"}],"replies":[{"embeddable":true,"href":"https:\/\/adcapspi.org.br\/site\/wp-json\/wp\/v2\/comments?post=1556"}],"version-history":[{"count":1,"href":"https:\/\/adcapspi.org.br\/site\/wp-json\/wp\/v2\/posts\/1556\/revisions"}],"predecessor-version":[{"id":1557,"href":"https:\/\/adcapspi.org.br\/site\/wp-json\/wp\/v2\/posts\/1556\/revisions\/1557"}],"wp:attachment":[{"href":"https:\/\/adcapspi.org.br\/site\/wp-json\/wp\/v2\/media?parent=1556"}],"wp:term":[{"taxonomy":"category","embeddable":true,"href":"https:\/\/adcapspi.org.br\/site\/wp-json\/wp\/v2\/categories?post=1556"},{"taxonomy":"post_tag","embeddable":true,"href":"https:\/\/adcapspi.org.br\/site\/wp-json\/wp\/v2\/tags?post=1556"}],"curies":[{"name":"wp","href":"https:\/\/api.w.org\/{rel}","templated":true}]}}