{"id":1558,"date":"2025-11-18T00:06:02","date_gmt":"2025-11-18T00:06:02","guid":{"rendered":"https:\/\/adcapspi.org.br\/site\/?p=1558"},"modified":"2025-11-18T00:06:02","modified_gmt":"2025-11-18T00:06:02","slug":"conselho-nacional-decide-sobre-recursos-eleitorais-e-concede-titulo-de-benemerito-a-ex-presidentes","status":"publish","type":"post","link":"https:\/\/adcapspi.org.br\/site\/conselho-nacional-decide-sobre-recursos-eleitorais-e-concede-titulo-de-benemerito-a-ex-presidentes\/","title":{"rendered":"Conselho Nacional decide sobre recursos eleitorais e concede t\u00edtulo de Benem\u00e9rito a ex-presidentes"},"content":{"rendered":"<p><a href=\"https:\/\/adcap.org.br\/wp-content\/uploads\/WhatsApp-Image-2025-11-17-at-09.07.00.jpeg\" data-rel=\"penci-gallery-image-content\"><img fetchpriority=\"high\" decoding=\"async\" class=\"aligncenter  wp-image-20587\" src=\"https:\/\/adcap.org.br\/wp-content\/uploads\/WhatsApp-Image-2025-11-17-at-09.07.00-1024x536.jpeg\" sizes=\"(max-width: 1024px) 100vw, 1024px\" srcset=\"https:\/\/adcap.org.br\/wp-content\/uploads\/WhatsApp-Image-2025-11-17-at-09.07.00-1024x536.jpeg 1024w, https:\/\/adcap.org.br\/wp-content\/uploads\/WhatsApp-Image-2025-11-17-at-09.07.00-300x157.jpeg 300w, https:\/\/adcap.org.br\/wp-content\/uploads\/WhatsApp-Image-2025-11-17-at-09.07.00-768x402.jpeg 768w, https:\/\/adcap.org.br\/wp-content\/uploads\/WhatsApp-Image-2025-11-17-at-09.07.00-1170x612.jpeg 1170w, https:\/\/adcap.org.br\/wp-content\/uploads\/WhatsApp-Image-2025-11-17-at-09.07.00-585x306.jpeg 585w, https:\/\/adcap.org.br\/wp-content\/uploads\/WhatsApp-Image-2025-11-17-at-09.07.00.jpeg 1175w\" alt=\"\" width=\"646\" height=\"338\" \/><\/a><\/p>\n<p>O Conselho Nacional da ADCAP \u2014 colegiado que re\u00fane a Diretoria Executiva Nacional e os Presidentes dos N\u00facleos Regionais de todo o pa\u00eds \u2014 se reuniu no \u00faltimo s\u00e1bado, 15\/11, em S\u00e3o Paulo\/SP, para deliberar sobre recursos eleitorais e tratar de temas institucionais relevantes. O encontro foi conduzido pelo Presidente Roberval Borges Corr\u00eaa e contou com a presen\u00e7a de dirigentes nacionais e regionais da Associa\u00e7\u00e3o. Seguindo a pauta prevista, a reuni\u00e3o deliberou sobre os seguintes temas:<\/p>\n<p>&nbsp;<\/p>\n<p><strong>Elei\u00e7\u00f5es ADCAP Nacional \u2013 recurso levado ao Conselho Fiscal: decis\u00e3o mantida<\/strong><\/p>\n<p>O primeiro recurso analisado foi o de associado, que contestava decis\u00e3o da Junta Eleitoral Nacional na elei\u00e7\u00e3o para o Conselho Fiscal (Tri\u00eanio 2025\/2028). Ap\u00f3s a apresenta\u00e7\u00e3o do relator e a manifesta\u00e7\u00e3o da defesa, o Conselho decidiu, por 28 votos a 3, negar provimento ao recurso, mantendo a exclus\u00e3o do candidato do pleito.<\/p>\n<p>&nbsp;<\/p>\n<p><strong>Elei\u00e7\u00f5es da ADCAP N\u00facleo Regional Bras\u00edlia: impugna\u00e7\u00f5es s\u00e3o aprovadas e N\u00facleo passa a ter gest\u00e3o provis\u00f3ria<\/strong><\/p>\n<p>Dois recursos referentes \u00e0 elei\u00e7\u00e3o para a Diretoria Executiva da ADCAP Bras\u00edlia (Tri\u00eanio 2025\/2028) foram analisados em sequ\u00eancia. O primeiro recurso, apresentado por associado candidato da Chapa 2, foi aprovado por 29 votos a 2, resultando na impugna\u00e7\u00e3o do resultado que havia declarado a Chapa 1 vencedora. Na mesma linha, o segundo recurso, apresentado por associado do N\u00facleo de Bras\u00edlia, foi aprovado por 28 votos a 3, igualmente determinando a impugna\u00e7\u00e3o da elei\u00e7\u00e3o.<\/p>\n<p>&nbsp;<\/p>\n<p>Sobre esse tema, o Conselho concluiu, que houve viola\u00e7\u00e3o aos princ\u00edpios de igualdade, neutralidade institucional e lisura do processo eleitoral. Como consequ\u00eancia imediata, a administra\u00e7\u00e3o do N\u00facleo Regional Bras\u00edlia est\u00e1 oficialmente vacante e, por isso, o Conselho Nacional designar\u00e1 Diretoria provis\u00f3ria para conduzir a gest\u00e3o da ADCAP Bras\u00edlia at\u00e9 a convoca\u00e7\u00e3o de novas elei\u00e7\u00f5es. As decis\u00f5es aprovadas t\u00eam execu\u00e7\u00e3o imediata, conforme previsto no Estatuto da ADCAP e no Regimento Interno do Conselho Nacional. Ainda sobre esse tema, durante a vota\u00e7\u00e3o, os conselheiros levantaram sugest\u00f5es de aperfei\u00e7oamento do processo eleitoral e a capacita\u00e7\u00e3o dos integrantes das Juntas Eleitorais.<\/p>\n<p>&nbsp;<\/p>\n<p><strong>Ex-presidentes receber\u00e3o t\u00edtulo de associado benem\u00e9rito<\/strong><\/p>\n<p>Foi aprovada, por aclama\u00e7\u00e3o, a concess\u00e3o do t\u00edtulo de associado benem\u00e9rito a todos os (as) ex-presidentes da ADCAP Nacional, iniciativa alinhada \u00e0s comemora\u00e7\u00f5es dos 40 anos da entidade, as quais acontecer\u00e3o durante o ano de 2026.<\/p>\n<p>&nbsp;<\/p>\n<p><strong>Atualiza\u00e7\u00e3o institucional<\/strong><\/p>\n<p>Os membros do Conselho receberam ainda informa\u00e7\u00f5es atualizadas sobre quest\u00f5es relacionadas aos Correios, ao Postalis e \u00e0 Postal Sa\u00fade por meio de apresenta\u00e7\u00f5es realizadas pelos convidados Edgard Cordeiro, membro eleito do Conselho Deliberativo do Postalis, que contextualizou sobre o d\u00e9ficit do Postalis, a composi\u00e7\u00e3o do Plano de Equacionamento vigente, o desempenho da meta atuarial dos planos BD e PostalPrev, entre outros temas e pela especialista em sa\u00fade suplementar e consultora da ADCAP, Daniele Vasconcelos, que explanou sobre o cen\u00e1rio atual e perspectivas para a Postal Sa\u00fade frente \u00e0s dificuldades enfrentadas pela entidade em oferecer rede credenciada para honrar com os atendimentos aos benefici\u00e1rios, a possibilidade de adequa\u00e7\u00e3o da mantenedora Correios \u00e0s pr\u00e1ticas de mercado a exemplo da oferta de um benef\u00edcio sa\u00fade aos seus empregados e \u00e0 rec\u00e9m aprova\u00e7\u00e3o de novas Normas emitidas pela ANS.<\/p>\n<p>&nbsp;<\/p>\n<p>Por fim, o Presidente Roberval atualizou os presentes sobre a grave situa\u00e7\u00e3o econ\u00f4mica dos Correios, a incapacidade financeira de honrar compromissos, os desafios da gera\u00e7\u00e3o de novas receitas neste cen\u00e1rio e a dificuldade de obten\u00e7\u00e3o de recursos externos enfrentada pela ECT, consequ\u00eancia da gest\u00e3o recentemente destitu\u00edda da Empresa.<\/p>\n<p>&nbsp;<\/p>\n<p>De igual modo, discorreu sobre as principais iniciativas da ADCAP junto aos Correios, legislativo, executivo e judici\u00e1rio visando sanar as quest\u00f5es trabalhistas, p\u00f3s-emprego, sa\u00fade e previd\u00eancia complementar que mais impactam os associados, cujas pautas a ADCAP continuar\u00e1 atuando de forma ativa e combatente.<\/p>\n<p>&nbsp;<\/p>\n<p><strong>Conselho Nacional da ADCAP<\/strong><\/p>\n","protected":false},"excerpt":{"rendered":"<p>O Conselho Nacional da ADCAP \u2014 colegiado que re\u00fane a Diretoria Executiva Nacional e os Presidentes dos N\u00facleos Regionais de todo o pa\u00eds \u2014 se reuniu no \u00faltimo s\u00e1bado, 15\/11, em S\u00e3o Paulo\/SP, para deliberar sobre recursos eleitorais e tratar de temas institucionais relevantes. O encontro foi conduzido pelo Presidente Roberval Borges Corr\u00eaa e contou com a presen\u00e7a de dirigentes nacionais e regionais da Associa\u00e7\u00e3o. Seguindo a pauta prevista, a reuni\u00e3o deliberou sobre os seguintes temas: &nbsp; Elei\u00e7\u00f5es ADCAP Nacional \u2013 recurso levado ao Conselho Fiscal: decis\u00e3o mantida O primeiro recurso analisado foi o de associado, que contestava decis\u00e3o da Junta Eleitoral Nacional na elei\u00e7\u00e3o para o Conselho Fiscal (Tri\u00eanio 2025\/2028). Ap\u00f3s a apresenta\u00e7\u00e3o do relator e a manifesta\u00e7\u00e3o da defesa, o Conselho decidiu, por 28 votos a 3, negar provimento ao recurso, mantendo a exclus\u00e3o do candidato do pleito. &nbsp; Elei\u00e7\u00f5es da ADCAP N\u00facleo Regional Bras\u00edlia: impugna\u00e7\u00f5es s\u00e3o aprovadas e N\u00facleo passa a ter gest\u00e3o provis\u00f3ria Dois recursos referentes \u00e0 elei\u00e7\u00e3o para a Diretoria Executiva da ADCAP Bras\u00edlia (Tri\u00eanio 2025\/2028) foram analisados em sequ\u00eancia. O primeiro recurso, apresentado por associado candidato da Chapa 2, foi aprovado por 29 votos a 2, resultando na impugna\u00e7\u00e3o do resultado que havia declarado a Chapa 1 vencedora. Na mesma linha, o segundo recurso, apresentado por associado do N\u00facleo de Bras\u00edlia, foi aprovado por 28 votos a 3, igualmente determinando a impugna\u00e7\u00e3o da elei\u00e7\u00e3o. &nbsp; Sobre esse tema, o Conselho concluiu, que houve viola\u00e7\u00e3o aos princ\u00edpios de igualdade, neutralidade institucional e lisura do processo eleitoral. Como consequ\u00eancia imediata, a administra\u00e7\u00e3o do N\u00facleo Regional Bras\u00edlia est\u00e1 oficialmente vacante e, por isso, o Conselho Nacional designar\u00e1 Diretoria provis\u00f3ria para conduzir a gest\u00e3o da ADCAP Bras\u00edlia at\u00e9 a convoca\u00e7\u00e3o de novas elei\u00e7\u00f5es. As decis\u00f5es aprovadas t\u00eam execu\u00e7\u00e3o imediata, conforme previsto no Estatuto da ADCAP e no Regimento Interno do Conselho Nacional. Ainda sobre esse tema, durante a vota\u00e7\u00e3o, os conselheiros levantaram sugest\u00f5es de aperfei\u00e7oamento do processo eleitoral e a capacita\u00e7\u00e3o dos integrantes das Juntas Eleitorais. &nbsp; Ex-presidentes receber\u00e3o t\u00edtulo de associado benem\u00e9rito Foi aprovada, por aclama\u00e7\u00e3o, a concess\u00e3o do t\u00edtulo de associado benem\u00e9rito a todos os (as) ex-presidentes da ADCAP Nacional, iniciativa alinhada \u00e0s comemora\u00e7\u00f5es dos 40 anos da entidade, as quais acontecer\u00e3o durante o ano de 2026. &nbsp; Atualiza\u00e7\u00e3o institucional Os membros do Conselho receberam ainda informa\u00e7\u00f5es atualizadas sobre quest\u00f5es relacionadas aos Correios, ao Postalis e \u00e0 Postal Sa\u00fade por meio de apresenta\u00e7\u00f5es realizadas pelos convidados Edgard Cordeiro, membro eleito do Conselho Deliberativo do Postalis, que contextualizou sobre o d\u00e9ficit do Postalis, a composi\u00e7\u00e3o do Plano de Equacionamento vigente, o desempenho da meta atuarial dos planos BD e PostalPrev, entre outros temas e pela especialista em sa\u00fade suplementar e consultora da ADCAP, Daniele Vasconcelos, que explanou sobre o cen\u00e1rio atual e perspectivas para a Postal Sa\u00fade frente \u00e0s dificuldades enfrentadas pela entidade em oferecer rede credenciada para honrar com os atendimentos aos benefici\u00e1rios, a possibilidade de adequa\u00e7\u00e3o da mantenedora Correios \u00e0s pr\u00e1ticas de mercado a exemplo da oferta de um benef\u00edcio sa\u00fade aos seus empregados e \u00e0 rec\u00e9m aprova\u00e7\u00e3o de novas Normas emitidas pela ANS. &nbsp; Por fim, o Presidente Roberval atualizou os presentes sobre a grave situa\u00e7\u00e3o econ\u00f4mica dos Correios, a incapacidade financeira de honrar compromissos, os desafios da gera\u00e7\u00e3o de novas receitas neste cen\u00e1rio e a dificuldade de obten\u00e7\u00e3o de recursos externos enfrentada pela ECT, consequ\u00eancia da gest\u00e3o recentemente destitu\u00edda da Empresa. &nbsp; De igual modo, discorreu sobre as principais iniciativas da ADCAP junto aos Correios, legislativo, executivo e judici\u00e1rio visando sanar as quest\u00f5es trabalhistas, p\u00f3s-emprego, sa\u00fade e previd\u00eancia complementar que mais impactam os associados, cujas pautas a ADCAP continuar\u00e1 atuando de forma ativa e combatente. &nbsp; Conselho Nacional da ADCAP<\/p>\n","protected":false},"author":2,"featured_media":0,"comment_status":"open","ping_status":"open","sticky":false,"template":"","format":"standard","meta":{"ocean_post_layout":"","ocean_both_sidebars_style":"","ocean_both_sidebars_content_width":0,"ocean_both_sidebars_sidebars_width":0,"ocean_sidebar":"0","ocean_second_sidebar":"0","ocean_disable_margins":"enable","ocean_add_body_class":"","ocean_shortcode_before_top_bar":"","ocean_shortcode_after_top_bar":"","ocean_shortcode_before_header":"","ocean_shortcode_after_header":"","ocean_has_shortcode":"","ocean_shortcode_after_title":"","ocean_shortcode_before_footer_widgets":"","ocean_shortcode_after_footer_widgets":"","ocean_shortcode_before_footer_bottom":"","ocean_shortcode_after_footer_bottom":"","ocean_display_top_bar":"default","ocean_display_header":"default","ocean_header_style":"","ocean_center_header_left_menu":"0","ocean_custom_header_template":"0","ocean_custom_logo":0,"ocean_custom_retina_logo":0,"ocean_custom_logo_max_width":0,"ocean_custom_logo_tablet_max_width":0,"ocean_custom_logo_mobile_max_width":0,"ocean_custom_logo_max_height":0,"ocean_custom_logo_tablet_max_height":0,"ocean_custom_logo_mobile_max_height":0,"ocean_header_custom_menu":"0","ocean_menu_typo_font_family":"0","ocean_menu_typo_font_subset":"","ocean_menu_typo_font_size":0,"ocean_menu_typo_font_size_tablet":0,"ocean_menu_typo_font_size_mobile":0,"ocean_menu_typo_font_size_unit":"px","ocean_menu_typo_font_weight":"","ocean_menu_typo_font_weight_tablet":"","ocean_menu_typo_font_weight_mobile":"","ocean_menu_typo_transform":"","ocean_menu_typo_transform_tablet":"","ocean_menu_typo_transform_mobile":"","ocean_menu_typo_line_height":0,"ocean_menu_typo_line_height_tablet":0,"ocean_menu_typo_line_height_mobile":0,"ocean_menu_typo_line_height_unit":"","ocean_menu_typo_spacing":0,"ocean_menu_typo_spacing_tablet":0,"ocean_menu_typo_spacing_mobile":0,"ocean_menu_typo_spacing_unit":"","ocean_menu_link_color":"","ocean_menu_link_color_hover":"","ocean_menu_link_color_active":"","ocean_menu_link_background":"","ocean_menu_link_hover_background":"","ocean_menu_link_active_background":"","ocean_menu_social_links_bg":"","ocean_menu_social_hover_links_bg":"","ocean_menu_social_links_color":"","ocean_menu_social_hover_links_color":"","ocean_disable_title":"default","ocean_disable_heading":"default","ocean_post_title":"","ocean_post_subheading":"","ocean_post_title_style":"","ocean_post_title_background_color":"","ocean_post_title_background":0,"ocean_post_title_bg_image_position":"","ocean_post_title_bg_image_attachment":"","ocean_post_title_bg_image_repeat":"","ocean_post_title_bg_image_size":"","ocean_post_title_height":0,"ocean_post_title_bg_overlay":0.5,"ocean_post_title_bg_overlay_color":"","ocean_disable_breadcrumbs":"default","ocean_breadcrumbs_color":"","ocean_breadcrumbs_separator_color":"","ocean_breadcrumbs_links_color":"","ocean_breadcrumbs_links_hover_color":"","ocean_display_footer_widgets":"default","ocean_display_footer_bottom":"default","ocean_custom_footer_template":"0","ocean_post_oembed":"","ocean_post_self_hosted_media":"","ocean_post_video_embed":"","ocean_link_format":"","ocean_link_format_target":"self","ocean_quote_format":"","ocean_quote_format_link":"post","ocean_gallery_link_images":"on","ocean_gallery_id":[],"footnotes":""},"categories":[27,14,29],"tags":[],"class_list":["post-1558","post","type-post","status-publish","format-standard","hentry","category-associativismo","category-datas-especiais","category-institucional","entry"],"_links":{"self":[{"href":"https:\/\/adcapspi.org.br\/site\/wp-json\/wp\/v2\/posts\/1558","targetHints":{"allow":["GET"]}}],"collection":[{"href":"https:\/\/adcapspi.org.br\/site\/wp-json\/wp\/v2\/posts"}],"about":[{"href":"https:\/\/adcapspi.org.br\/site\/wp-json\/wp\/v2\/types\/post"}],"author":[{"embeddable":true,"href":"https:\/\/adcapspi.org.br\/site\/wp-json\/wp\/v2\/users\/2"}],"replies":[{"embeddable":true,"href":"https:\/\/adcapspi.org.br\/site\/wp-json\/wp\/v2\/comments?post=1558"}],"version-history":[{"count":1,"href":"https:\/\/adcapspi.org.br\/site\/wp-json\/wp\/v2\/posts\/1558\/revisions"}],"predecessor-version":[{"id":1559,"href":"https:\/\/adcapspi.org.br\/site\/wp-json\/wp\/v2\/posts\/1558\/revisions\/1559"}],"wp:attachment":[{"href":"https:\/\/adcapspi.org.br\/site\/wp-json\/wp\/v2\/media?parent=1558"}],"wp:term":[{"taxonomy":"category","embeddable":true,"href":"https:\/\/adcapspi.org.br\/site\/wp-json\/wp\/v2\/categories?post=1558"},{"taxonomy":"post_tag","embeddable":true,"href":"https:\/\/adcapspi.org.br\/site\/wp-json\/wp\/v2\/tags?post=1558"}],"curies":[{"name":"wp","href":"https:\/\/api.w.org\/{rel}","templated":true}]}}